{"id":695,"date":"2020-02-23T19:28:41","date_gmt":"2020-02-23T18:28:41","guid":{"rendered":"https:\/\/www.bergrettung-knittelfeld.at\/?p=695"},"modified":"2020-02-23T19:35:59","modified_gmt":"2020-02-23T18:35:59","slug":"winteruebung-2020-im-herrschaftskranz","status":"publish","type":"post","link":"https:\/\/www.bergrettung-knittelfeld.at\/?p=695","title":{"rendered":"Winter\u00fcbung 2020 im Herrschaftskranz"},"content":{"rendered":"\n<figure class=\"wp-block-image size-large\"><img loading=\"lazy\" decoding=\"async\" width=\"1024\" height=\"640\" src=\"https:\/\/www.bergrettung-knittelfeld.at\/wp-content\/uploads\/2020\/02\/2020-02-BRD-Winter\u00fcbung44\u00a9Martin-Edlinger-1-1024x640.jpg\" alt=\"\" class=\"wp-image-713\" srcset=\"https:\/\/www.bergrettung-knittelfeld.at\/wp-content\/uploads\/2020\/02\/2020-02-BRD-Winter\u00fcbung44\u00a9Martin-Edlinger-1-1024x640.jpg 1024w, https:\/\/www.bergrettung-knittelfeld.at\/wp-content\/uploads\/2020\/02\/2020-02-BRD-Winter\u00fcbung44\u00a9Martin-Edlinger-1-300x187.jpg 300w, https:\/\/www.bergrettung-knittelfeld.at\/wp-content\/uploads\/2020\/02\/2020-02-BRD-Winter\u00fcbung44\u00a9Martin-Edlinger-1-768x480.jpg 768w, https:\/\/www.bergrettung-knittelfeld.at\/wp-content\/uploads\/2020\/02\/2020-02-BRD-Winter\u00fcbung44\u00a9Martin-Edlinger-1-1536x960.jpg 1536w, https:\/\/www.bergrettung-knittelfeld.at\/wp-content\/uploads\/2020\/02\/2020-02-BRD-Winter\u00fcbung44\u00a9Martin-Edlinger-1-2048x1280.jpg 2048w, https:\/\/www.bergrettung-knittelfeld.at\/wp-content\/uploads\/2020\/02\/2020-02-BRD-Winter\u00fcbung44\u00a9Martin-Edlinger-1-676x422.jpg 676w, https:\/\/www.bergrettung-knittelfeld.at\/wp-content\/uploads\/2020\/02\/2020-02-BRD-Winter\u00fcbung44\u00a9Martin-Edlinger-1-250x156.jpg 250w, https:\/\/www.bergrettung-knittelfeld.at\/wp-content\/uploads\/2020\/02\/2020-02-BRD-Winter\u00fcbung44\u00a9Martin-Edlinger-1-550x344.jpg 550w, https:\/\/www.bergrettung-knittelfeld.at\/wp-content\/uploads\/2020\/02\/2020-02-BRD-Winter\u00fcbung44\u00a9Martin-Edlinger-1-800x500.jpg 800w, https:\/\/www.bergrettung-knittelfeld.at\/wp-content\/uploads\/2020\/02\/2020-02-BRD-Winter\u00fcbung44\u00a9Martin-Edlinger-1-288x180.jpg 288w, https:\/\/www.bergrettung-knittelfeld.at\/wp-content\/uploads\/2020\/02\/2020-02-BRD-Winter\u00fcbung44\u00a9Martin-Edlinger-1-480x300.jpg 480w\" sizes=\"auto, (max-width: 1024px) 100vw, 1024px\" \/><figcaption>Abtransport bei bestem Wetter &#8230;<\/figcaption><\/figure>\n\n\n\n<p>Die heurige Winter\u00fcbung zum Thema Lawinenunfall fand bei besten \u00e4u\u00dferen Bedingungen am 22.Februar im Bereich Herrschaftskranz\/Steinmandl in der Ingering statt. <br><br>Nachdem wir durch jahrelange leidvolle Erfahrung schon auf das schlimmste (Wetter) vorbereitet waren, kam die Erfahrung, ausnahmsweise im T-Shirt auf der Lawine herumspazieren zu k\u00f6nnen, umso \u00fcberraschender. <\/p>\n\n\n\n<p>\u00dcbungsannahme war eine Gruppe von 4 Personen, die am Vortag eine Tour Richtung Steinmandl unternommen hatte und seither vermisst wurde. P\u00fcnktlich um 9 Uhr startete unser kombinierter Such- und Lawineneinsatz in Knittelfeld. Der weitere Transport ins Zielgebiet erfolgte mit unserem Quad, wobei jeweils 6 Personen bef\u00f6rdert werden konnte. Dadurch konnten sowohl der Voraustrupp, als auch die nachr\u00fcckende Mannschaft den vorbereiteten Lawinenkegel ausgeruht erreichen und sofort mit der Suche nach den Vermissten beginnen.<\/p>\n\n\n\n<p>Nach kurzer Zeit waren die drei mit VS-Ger\u00e4t ausgestatteten Tourengeher geborgen, Nummer 4 wurde durch eine Sondierkette gefunden, ausgegraben, erstversorgt und anschlie\u00dfend per Akja und Quad auf schnellstem Wege ins Tal gebracht. <\/p>\n\n\n\n<p>Vielleicht lag es am Wetter, aber bergrettungstechnisch hat alles zur Zufriedenheit der Einsatzleitung geklappt. Worin sich diesmal aber alle Beteiligten einig waren: Sowohl der Mannschaftstransport &#8222;nach oben&#8220;, als auch der Verletztentransport &#8222;nach unten&#8220; wird durch die Unterst\u00fctzung durch das Quad auf ein neues Level gebracht.<\/p>\n\n\n\n<figure class=\"wp-block-gallery columns-3 is-cropped wp-block-gallery-1 is-layout-flex wp-block-gallery-is-layout-flex\"><ul class=\"blocks-gallery-grid\"><li class=\"blocks-gallery-item\"><figure><a href=\"https:\/\/www.bergrettung-knittelfeld.at\/?attachment_id=696\"><img loading=\"lazy\" decoding=\"async\" width=\"1024\" height=\"681\" src=\"https:\/\/www.bergrettung-knittelfeld.at\/wp-content\/uploads\/2020\/02\/2020-02-BRD-Winter\u00fcbung1\u00a9Martin-Edlinger-1024x681.jpg\" alt=\"\" data-id=\"696\" data-full-url=\"https:\/\/www.bergrettung-knittelfeld.at\/wp-content\/uploads\/2020\/02\/2020-02-BRD-Winter\u00fcbung1\u00a9Martin-Edlinger-scaled.jpg\" data-link=\"https:\/\/www.bergrettung-knittelfeld.at\/?attachment_id=696\" class=\"wp-image-696\" srcset=\"https:\/\/www.bergrettung-knittelfeld.at\/wp-content\/uploads\/2020\/02\/2020-02-BRD-Winter\u00fcbung1\u00a9Martin-Edlinger-1024x681.jpg 1024w, https:\/\/www.bergrettung-knittelfeld.at\/wp-content\/uploads\/2020\/02\/2020-02-BRD-Winter\u00fcbung1\u00a9Martin-Edlinger-300x200.jpg 300w, https:\/\/www.bergrettung-knittelfeld.at\/wp-content\/uploads\/2020\/02\/2020-02-BRD-Winter\u00fcbung1\u00a9Martin-Edlinger-768x511.jpg 768w, https:\/\/www.bergrettung-knittelfeld.at\/wp-content\/uploads\/2020\/02\/2020-02-BRD-Winter\u00fcbung1\u00a9Martin-Edlinger-1536x1022.jpg 1536w, https:\/\/www.bergrettung-knittelfeld.at\/wp-content\/uploads\/2020\/02\/2020-02-BRD-Winter\u00fcbung1\u00a9Martin-Edlinger-2048x1363.jpg 2048w, https:\/\/www.bergrettung-knittelfeld.at\/wp-content\/uploads\/2020\/02\/2020-02-BRD-Winter\u00fcbung1\u00a9Martin-Edlinger-676x450.jpg 676w, https:\/\/www.bergrettung-knittelfeld.at\/wp-content\/uploads\/2020\/02\/2020-02-BRD-Winter\u00fcbung1\u00a9Martin-Edlinger-250x166.jpg 250w, https:\/\/www.bergrettung-knittelfeld.at\/wp-content\/uploads\/2020\/02\/2020-02-BRD-Winter\u00fcbung1\u00a9Martin-Edlinger-550x366.jpg 550w, https:\/\/www.bergrettung-knittelfeld.at\/wp-content\/uploads\/2020\/02\/2020-02-BRD-Winter\u00fcbung1\u00a9Martin-Edlinger-800x532.jpg 800w, https:\/\/www.bergrettung-knittelfeld.at\/wp-content\/uploads\/2020\/02\/2020-02-BRD-Winter\u00fcbung1\u00a9Martin-Edlinger-271x180.jpg 271w, https:\/\/www.bergrettung-knittelfeld.at\/wp-content\/uploads\/2020\/02\/2020-02-BRD-Winter\u00fcbung1\u00a9Martin-Edlinger-451x300.jpg 451w, https:\/\/www.bergrettung-knittelfeld.at\/wp-content\/uploads\/2020\/02\/2020-02-BRD-Winter\u00fcbung1\u00a9Martin-Edlinger-751x500.jpg 751w\" sizes=\"auto, (max-width: 1024px) 100vw, 1024px\" \/><\/a><\/figure><\/li><li class=\"blocks-gallery-item\"><figure><a href=\"https:\/\/www.bergrettung-knittelfeld.at\/?attachment_id=697\"><img loading=\"lazy\" decoding=\"async\" width=\"1024\" height=\"576\" src=\"https:\/\/www.bergrettung-knittelfeld.at\/wp-content\/uploads\/2020\/02\/2020-02-BRD-Winter\u00fcbung5\u00a9Martin-Edlinger-1024x576.jpg\" alt=\"\" data-id=\"697\" data-full-url=\"https:\/\/www.bergrettung-knittelfeld.at\/wp-content\/uploads\/2020\/02\/2020-02-BRD-Winter\u00fcbung5\u00a9Martin-Edlinger-scaled.jpg\" data-link=\"https:\/\/www.bergrettung-knittelfeld.at\/?attachment_id=697\" class=\"wp-image-697\" srcset=\"https:\/\/www.bergrettung-knittelfeld.at\/wp-content\/uploads\/2020\/02\/2020-02-BRD-Winter\u00fcbung5\u00a9Martin-Edlinger-1024x576.jpg 1024w, https:\/\/www.bergrettung-knittelfeld.at\/wp-content\/uploads\/2020\/02\/2020-02-BRD-Winter\u00fcbung5\u00a9Martin-Edlinger-300x169.jpg 300w, https:\/\/www.bergrettung-knittelfeld.at\/wp-content\/uploads\/2020\/02\/2020-02-BRD-Winter\u00fcbung5\u00a9Martin-Edlinger-768x432.jpg 768w, https:\/\/www.bergrettung-knittelfeld.at\/wp-content\/uploads\/2020\/02\/2020-02-BRD-Winter\u00fcbung5\u00a9Martin-Edlinger-1536x864.jpg 1536w, https:\/\/www.bergrettung-knittelfeld.at\/wp-content\/uploads\/2020\/02\/2020-02-BRD-Winter\u00fcbung5\u00a9Martin-Edlinger-2048x1152.jpg 2048w, https:\/\/www.bergrettung-knittelfeld.at\/wp-content\/uploads\/2020\/02\/2020-02-BRD-Winter\u00fcbung5\u00a9Martin-Edlinger-676x380.jpg 676w, https:\/\/www.bergrettung-knittelfeld.at\/wp-content\/uploads\/2020\/02\/2020-02-BRD-Winter\u00fcbung5\u00a9Martin-Edlinger-250x141.jpg 250w, https:\/\/www.bergrettung-knittelfeld.at\/wp-content\/uploads\/2020\/02\/2020-02-BRD-Winter\u00fcbung5\u00a9Martin-Edlinger-550x309.jpg 550w, https:\/\/www.bergrettung-knittelfeld.at\/wp-content\/uploads\/2020\/02\/2020-02-BRD-Winter\u00fcbung5\u00a9Martin-Edlinger-800x450.jpg 800w, https:\/\/www.bergrettung-knittelfeld.at\/wp-content\/uploads\/2020\/02\/2020-02-BRD-Winter\u00fcbung5\u00a9Martin-Edlinger-320x180.jpg 320w, https:\/\/www.bergrettung-knittelfeld.at\/wp-content\/uploads\/2020\/02\/2020-02-BRD-Winter\u00fcbung5\u00a9Martin-Edlinger-533x300.jpg 533w, https:\/\/www.bergrettung-knittelfeld.at\/wp-content\/uploads\/2020\/02\/2020-02-BRD-Winter\u00fcbung5\u00a9Martin-Edlinger-889x500.jpg 889w\" sizes=\"auto, (max-width: 1024px) 100vw, 1024px\" \/><\/a><\/figure><\/li><li class=\"blocks-gallery-item\"><figure><a href=\"https:\/\/www.bergrettung-knittelfeld.at\/?attachment_id=698\"><img loading=\"lazy\" decoding=\"async\" width=\"1024\" height=\"640\" src=\"https:\/\/www.bergrettung-knittelfeld.at\/wp-content\/uploads\/2020\/02\/2020-02-BRD-Winter\u00fcbung11\u00a9Martin-Edlinger-1024x640.jpg\" alt=\"\" data-id=\"698\" data-full-url=\"https:\/\/www.bergrettung-knittelfeld.at\/wp-content\/uploads\/2020\/02\/2020-02-BRD-Winter\u00fcbung11\u00a9Martin-Edlinger-scaled.jpg\" data-link=\"https:\/\/www.bergrettung-knittelfeld.at\/?attachment_id=698\" class=\"wp-image-698\" srcset=\"https:\/\/www.bergrettung-knittelfeld.at\/wp-content\/uploads\/2020\/02\/2020-02-BRD-Winter\u00fcbung11\u00a9Martin-Edlinger-1024x640.jpg 1024w, https:\/\/www.bergrettung-knittelfeld.at\/wp-content\/uploads\/2020\/02\/2020-02-BRD-Winter\u00fcbung11\u00a9Martin-Edlinger-300x188.jpg 300w, https:\/\/www.bergrettung-knittelfeld.at\/wp-content\/uploads\/2020\/02\/2020-02-BRD-Winter\u00fcbung11\u00a9Martin-Edlinger-768x480.jpg 768w, https:\/\/www.bergrettung-knittelfeld.at\/wp-content\/uploads\/2020\/02\/2020-02-BRD-Winter\u00fcbung11\u00a9Martin-Edlinger-1536x960.jpg 1536w, https:\/\/www.bergrettung-knittelfeld.at\/wp-content\/uploads\/2020\/02\/2020-02-BRD-Winter\u00fcbung11\u00a9Martin-Edlinger-2048x1280.jpg 2048w, https:\/\/www.bergrettung-knittelfeld.at\/wp-content\/uploads\/2020\/02\/2020-02-BRD-Winter\u00fcbung11\u00a9Martin-Edlinger-676x423.jpg 676w, https:\/\/www.bergrettung-knittelfeld.at\/wp-content\/uploads\/2020\/02\/2020-02-BRD-Winter\u00fcbung11\u00a9Martin-Edlinger-250x156.jpg 250w, https:\/\/www.bergrettung-knittelfeld.at\/wp-content\/uploads\/2020\/02\/2020-02-BRD-Winter\u00fcbung11\u00a9Martin-Edlinger-550x344.jpg 550w, https:\/\/www.bergrettung-knittelfeld.at\/wp-content\/uploads\/2020\/02\/2020-02-BRD-Winter\u00fcbung11\u00a9Martin-Edlinger-800x500.jpg 800w, https:\/\/www.bergrettung-knittelfeld.at\/wp-content\/uploads\/2020\/02\/2020-02-BRD-Winter\u00fcbung11\u00a9Martin-Edlinger-288x180.jpg 288w, https:\/\/www.bergrettung-knittelfeld.at\/wp-content\/uploads\/2020\/02\/2020-02-BRD-Winter\u00fcbung11\u00a9Martin-Edlinger-480x300.jpg 480w\" sizes=\"auto, (max-width: 1024px) 100vw, 1024px\" \/><\/a><\/figure><\/li><li class=\"blocks-gallery-item\"><figure><a href=\"https:\/\/www.bergrettung-knittelfeld.at\/?attachment_id=699\"><img loading=\"lazy\" decoding=\"async\" width=\"1024\" height=\"681\" src=\"https:\/\/www.bergrettung-knittelfeld.at\/wp-content\/uploads\/2020\/02\/2020-02-BRD-Winter\u00fcbung19\u00a9Martin-Edlinger-1024x681.jpg\" alt=\"\" data-id=\"699\" data-full-url=\"https:\/\/www.bergrettung-knittelfeld.at\/wp-content\/uploads\/2020\/02\/2020-02-BRD-Winter\u00fcbung19\u00a9Martin-Edlinger-scaled.jpg\" data-link=\"https:\/\/www.bergrettung-knittelfeld.at\/?attachment_id=699\" class=\"wp-image-699\" srcset=\"https:\/\/www.bergrettung-knittelfeld.at\/wp-content\/uploads\/2020\/02\/2020-02-BRD-Winter\u00fcbung19\u00a9Martin-Edlinger-1024x681.jpg 1024w, https:\/\/www.bergrettung-knittelfeld.at\/wp-content\/uploads\/2020\/02\/2020-02-BRD-Winter\u00fcbung19\u00a9Martin-Edlinger-300x200.jpg 300w, https:\/\/www.bergrettung-knittelfeld.at\/wp-content\/uploads\/2020\/02\/2020-02-BRD-Winter\u00fcbung19\u00a9Martin-Edlinger-768x511.jpg 768w, https:\/\/www.bergrettung-knittelfeld.at\/wp-content\/uploads\/2020\/02\/2020-02-BRD-Winter\u00fcbung19\u00a9Martin-Edlinger-1536x1022.jpg 1536w, https:\/\/www.bergrettung-knittelfeld.at\/wp-content\/uploads\/2020\/02\/2020-02-BRD-Winter\u00fcbung19\u00a9Martin-Edlinger-2048x1363.jpg 2048w, https:\/\/www.bergrettung-knittelfeld.at\/wp-content\/uploads\/2020\/02\/2020-02-BRD-Winter\u00fcbung19\u00a9Martin-Edlinger-676x450.jpg 676w, https:\/\/www.bergrettung-knittelfeld.at\/wp-content\/uploads\/2020\/02\/2020-02-BRD-Winter\u00fcbung19\u00a9Martin-Edlinger-250x166.jpg 250w, https:\/\/www.bergrettung-knittelfeld.at\/wp-content\/uploads\/2020\/02\/2020-02-BRD-Winter\u00fcbung19\u00a9Martin-Edlinger-550x366.jpg 550w, https:\/\/www.bergrettung-knittelfeld.at\/wp-content\/uploads\/2020\/02\/2020-02-BRD-Winter\u00fcbung19\u00a9Martin-Edlinger-800x532.jpg 800w, https:\/\/www.bergrettung-knittelfeld.at\/wp-content\/uploads\/2020\/02\/2020-02-BRD-Winter\u00fcbung19\u00a9Martin-Edlinger-271x180.jpg 271w, https:\/\/www.bergrettung-knittelfeld.at\/wp-content\/uploads\/2020\/02\/2020-02-BRD-Winter\u00fcbung19\u00a9Martin-Edlinger-451x300.jpg 451w, https:\/\/www.bergrettung-knittelfeld.at\/wp-content\/uploads\/2020\/02\/2020-02-BRD-Winter\u00fcbung19\u00a9Martin-Edlinger-751x500.jpg 751w\" sizes=\"auto, (max-width: 1024px) 100vw, 1024px\" \/><\/a><\/figure><\/li><li class=\"blocks-gallery-item\"><figure><a href=\"https:\/\/www.bergrettung-knittelfeld.at\/?attachment_id=700\"><img loading=\"lazy\" decoding=\"async\" width=\"1024\" height=\"681\" src=\"https:\/\/www.bergrettung-knittelfeld.at\/wp-content\/uploads\/2020\/02\/2020-02-BRD-Winter\u00fcbung20\u00a9Martin-Edlinger-1024x681.jpg\" alt=\"\" data-id=\"700\" data-full-url=\"https:\/\/www.bergrettung-knittelfeld.at\/wp-content\/uploads\/2020\/02\/2020-02-BRD-Winter\u00fcbung20\u00a9Martin-Edlinger-scaled.jpg\" data-link=\"https:\/\/www.bergrettung-knittelfeld.at\/?attachment_id=700\" class=\"wp-image-700\" srcset=\"https:\/\/www.bergrettung-knittelfeld.at\/wp-content\/uploads\/2020\/02\/2020-02-BRD-Winter\u00fcbung20\u00a9Martin-Edlinger-1024x681.jpg 1024w, https:\/\/www.bergrettung-knittelfeld.at\/wp-content\/uploads\/2020\/02\/2020-02-BRD-Winter\u00fcbung20\u00a9Martin-Edlinger-300x200.jpg 300w, https:\/\/www.bergrettung-knittelfeld.at\/wp-content\/uploads\/2020\/02\/2020-02-BRD-Winter\u00fcbung20\u00a9Martin-Edlinger-768x511.jpg 768w, https:\/\/www.bergrettung-knittelfeld.at\/wp-content\/uploads\/2020\/02\/2020-02-BRD-Winter\u00fcbung20\u00a9Martin-Edlinger-1536x1022.jpg 1536w, https:\/\/www.bergrettung-knittelfeld.at\/wp-content\/uploads\/2020\/02\/2020-02-BRD-Winter\u00fcbung20\u00a9Martin-Edlinger-2048x1363.jpg 2048w, https:\/\/www.bergrettung-knittelfeld.at\/wp-content\/uploads\/2020\/02\/2020-02-BRD-Winter\u00fcbung20\u00a9Martin-Edlinger-676x450.jpg 676w, https:\/\/www.bergrettung-knittelfeld.at\/wp-content\/uploads\/2020\/02\/2020-02-BRD-Winter\u00fcbung20\u00a9Martin-Edlinger-250x166.jpg 250w, https:\/\/www.bergrettung-knittelfeld.at\/wp-content\/uploads\/2020\/02\/2020-02-BRD-Winter\u00fcbung20\u00a9Martin-Edlinger-550x366.jpg 550w, https:\/\/www.bergrettung-knittelfeld.at\/wp-content\/uploads\/2020\/02\/2020-02-BRD-Winter\u00fcbung20\u00a9Martin-Edlinger-800x532.jpg 800w, https:\/\/www.bergrettung-knittelfeld.at\/wp-content\/uploads\/2020\/02\/2020-02-BRD-Winter\u00fcbung20\u00a9Martin-Edlinger-271x180.jpg 271w, https:\/\/www.bergrettung-knittelfeld.at\/wp-content\/uploads\/2020\/02\/2020-02-BRD-Winter\u00fcbung20\u00a9Martin-Edlinger-451x300.jpg 451w, https:\/\/www.bergrettung-knittelfeld.at\/wp-content\/uploads\/2020\/02\/2020-02-BRD-Winter\u00fcbung20\u00a9Martin-Edlinger-751x500.jpg 751w\" sizes=\"auto, (max-width: 1024px) 100vw, 1024px\" \/><\/a><\/figure><\/li><li class=\"blocks-gallery-item\"><figure><a href=\"https:\/\/www.bergrettung-knittelfeld.at\/?attachment_id=701\"><img loading=\"lazy\" decoding=\"async\" width=\"1024\" height=\"640\" src=\"https:\/\/www.bergrettung-knittelfeld.at\/wp-content\/uploads\/2020\/02\/2020-02-BRD-Winter\u00fcbung22\u00a9Martin-Edlinger-1024x640.jpg\" alt=\"\" data-id=\"701\" data-full-url=\"https:\/\/www.bergrettung-knittelfeld.at\/wp-content\/uploads\/2020\/02\/2020-02-BRD-Winter\u00fcbung22\u00a9Martin-Edlinger-scaled.jpg\" data-link=\"https:\/\/www.bergrettung-knittelfeld.at\/?attachment_id=701\" class=\"wp-image-701\" srcset=\"https:\/\/www.bergrettung-knittelfeld.at\/wp-content\/uploads\/2020\/02\/2020-02-BRD-Winter\u00fcbung22\u00a9Martin-Edlinger-1024x640.jpg 1024w, https:\/\/www.bergrettung-knittelfeld.at\/wp-content\/uploads\/2020\/02\/2020-02-BRD-Winter\u00fcbung22\u00a9Martin-Edlinger-300x188.jpg 300w, https:\/\/www.bergrettung-knittelfeld.at\/wp-content\/uploads\/2020\/02\/2020-02-BRD-Winter\u00fcbung22\u00a9Martin-Edlinger-768x480.jpg 768w, https:\/\/www.bergrettung-knittelfeld.at\/wp-content\/uploads\/2020\/02\/2020-02-BRD-Winter\u00fcbung22\u00a9Martin-Edlinger-1536x960.jpg 1536w, https:\/\/www.bergrettung-knittelfeld.at\/wp-content\/uploads\/2020\/02\/2020-02-BRD-Winter\u00fcbung22\u00a9Martin-Edlinger-2048x1280.jpg 2048w, https:\/\/www.bergrettung-knittelfeld.at\/wp-content\/uploads\/2020\/02\/2020-02-BRD-Winter\u00fcbung22\u00a9Martin-Edlinger-676x423.jpg 676w, https:\/\/www.bergrettung-knittelfeld.at\/wp-content\/uploads\/2020\/02\/2020-02-BRD-Winter\u00fcbung22\u00a9Martin-Edlinger-250x156.jpg 250w, https:\/\/www.bergrettung-knittelfeld.at\/wp-content\/uploads\/2020\/02\/2020-02-BRD-Winter\u00fcbung22\u00a9Martin-Edlinger-550x344.jpg 550w, https:\/\/www.bergrettung-knittelfeld.at\/wp-content\/uploads\/2020\/02\/2020-02-BRD-Winter\u00fcbung22\u00a9Martin-Edlinger-800x500.jpg 800w, https:\/\/www.bergrettung-knittelfeld.at\/wp-content\/uploads\/2020\/02\/2020-02-BRD-Winter\u00fcbung22\u00a9Martin-Edlinger-288x180.jpg 288w, https:\/\/www.bergrettung-knittelfeld.at\/wp-content\/uploads\/2020\/02\/2020-02-BRD-Winter\u00fcbung22\u00a9Martin-Edlinger-480x300.jpg 480w\" sizes=\"auto, (max-width: 1024px) 100vw, 1024px\" \/><\/a><\/figure><\/li><li class=\"blocks-gallery-item\"><figure><a href=\"https:\/\/www.bergrettung-knittelfeld.at\/?attachment_id=702\"><img loading=\"lazy\" decoding=\"async\" width=\"1024\" height=\"681\" src=\"https:\/\/www.bergrettung-knittelfeld.at\/wp-content\/uploads\/2020\/02\/2020-02-BRD-Winter\u00fcbung23\u00a9Martin-Edlinger-1024x681.jpg\" alt=\"\" data-id=\"702\" data-full-url=\"https:\/\/www.bergrettung-knittelfeld.at\/wp-content\/uploads\/2020\/02\/2020-02-BRD-Winter\u00fcbung23\u00a9Martin-Edlinger-scaled.jpg\" data-link=\"https:\/\/www.bergrettung-knittelfeld.at\/?attachment_id=702\" class=\"wp-image-702\" srcset=\"https:\/\/www.bergrettung-knittelfeld.at\/wp-content\/uploads\/2020\/02\/2020-02-BRD-Winter\u00fcbung23\u00a9Martin-Edlinger-1024x681.jpg 1024w, https:\/\/www.bergrettung-knittelfeld.at\/wp-content\/uploads\/2020\/02\/2020-02-BRD-Winter\u00fcbung23\u00a9Martin-Edlinger-300x200.jpg 300w, https:\/\/www.bergrettung-knittelfeld.at\/wp-content\/uploads\/2020\/02\/2020-02-BRD-Winter\u00fcbung23\u00a9Martin-Edlinger-768x511.jpg 768w, https:\/\/www.bergrettung-knittelfeld.at\/wp-content\/uploads\/2020\/02\/2020-02-BRD-Winter\u00fcbung23\u00a9Martin-Edlinger-1536x1022.jpg 1536w, https:\/\/www.bergrettung-knittelfeld.at\/wp-content\/uploads\/2020\/02\/2020-02-BRD-Winter\u00fcbung23\u00a9Martin-Edlinger-2048x1363.jpg 2048w, https:\/\/www.bergrettung-knittelfeld.at\/wp-content\/uploads\/2020\/02\/2020-02-BRD-Winter\u00fcbung23\u00a9Martin-Edlinger-676x450.jpg 676w, https:\/\/www.bergrettung-knittelfeld.at\/wp-content\/uploads\/2020\/02\/2020-02-BRD-Winter\u00fcbung23\u00a9Martin-Edlinger-250x166.jpg 250w, https:\/\/www.bergrettung-knittelfeld.at\/wp-content\/uploads\/2020\/02\/2020-02-BRD-Winter\u00fcbung23\u00a9Martin-Edlinger-550x366.jpg 550w, https:\/\/www.bergrettung-knittelfeld.at\/wp-content\/uploads\/2020\/02\/2020-02-BRD-Winter\u00fcbung23\u00a9Martin-Edlinger-800x532.jpg 800w, https:\/\/www.bergrettung-knittelfeld.at\/wp-content\/uploads\/2020\/02\/2020-02-BRD-Winter\u00fcbung23\u00a9Martin-Edlinger-271x180.jpg 271w, https:\/\/www.bergrettung-knittelfeld.at\/wp-content\/uploads\/2020\/02\/2020-02-BRD-Winter\u00fcbung23\u00a9Martin-Edlinger-451x300.jpg 451w, https:\/\/www.bergrettung-knittelfeld.at\/wp-content\/uploads\/2020\/02\/2020-02-BRD-Winter\u00fcbung23\u00a9Martin-Edlinger-751x500.jpg 751w\" sizes=\"auto, (max-width: 1024px) 100vw, 1024px\" \/><\/a><\/figure><\/li><li class=\"blocks-gallery-item\"><figure><a href=\"https:\/\/www.bergrettung-knittelfeld.at\/?attachment_id=703\"><img loading=\"lazy\" decoding=\"async\" width=\"1024\" height=\"681\" src=\"https:\/\/www.bergrettung-knittelfeld.at\/wp-content\/uploads\/2020\/02\/2020-02-BRD-Winter\u00fcbung30\u00a9Martin-Edlinger-1024x681.jpg\" alt=\"\" data-id=\"703\" data-full-url=\"https:\/\/www.bergrettung-knittelfeld.at\/wp-content\/uploads\/2020\/02\/2020-02-BRD-Winter\u00fcbung30\u00a9Martin-Edlinger-scaled.jpg\" data-link=\"https:\/\/www.bergrettung-knittelfeld.at\/?attachment_id=703\" class=\"wp-image-703\" srcset=\"https:\/\/www.bergrettung-knittelfeld.at\/wp-content\/uploads\/2020\/02\/2020-02-BRD-Winter\u00fcbung30\u00a9Martin-Edlinger-1024x681.jpg 1024w, https:\/\/www.bergrettung-knittelfeld.at\/wp-content\/uploads\/2020\/02\/2020-02-BRD-Winter\u00fcbung30\u00a9Martin-Edlinger-300x200.jpg 300w, https:\/\/www.bergrettung-knittelfeld.at\/wp-content\/uploads\/2020\/02\/2020-02-BRD-Winter\u00fcbung30\u00a9Martin-Edlinger-768x511.jpg 768w, https:\/\/www.bergrettung-knittelfeld.at\/wp-content\/uploads\/2020\/02\/2020-02-BRD-Winter\u00fcbung30\u00a9Martin-Edlinger-1536x1022.jpg 1536w, https:\/\/www.bergrettung-knittelfeld.at\/wp-content\/uploads\/2020\/02\/2020-02-BRD-Winter\u00fcbung30\u00a9Martin-Edlinger-2048x1363.jpg 2048w, https:\/\/www.bergrettung-knittelfeld.at\/wp-content\/uploads\/2020\/02\/2020-02-BRD-Winter\u00fcbung30\u00a9Martin-Edlinger-676x450.jpg 676w, https:\/\/www.bergrettung-knittelfeld.at\/wp-content\/uploads\/2020\/02\/2020-02-BRD-Winter\u00fcbung30\u00a9Martin-Edlinger-250x166.jpg 250w, https:\/\/www.bergrettung-knittelfeld.at\/wp-content\/uploads\/2020\/02\/2020-02-BRD-Winter\u00fcbung30\u00a9Martin-Edlinger-550x366.jpg 550w, https:\/\/www.bergrettung-knittelfeld.at\/wp-content\/uploads\/2020\/02\/2020-02-BRD-Winter\u00fcbung30\u00a9Martin-Edlinger-800x532.jpg 800w, https:\/\/www.bergrettung-knittelfeld.at\/wp-content\/uploads\/2020\/02\/2020-02-BRD-Winter\u00fcbung30\u00a9Martin-Edlinger-271x180.jpg 271w, https:\/\/www.bergrettung-knittelfeld.at\/wp-content\/uploads\/2020\/02\/2020-02-BRD-Winter\u00fcbung30\u00a9Martin-Edlinger-451x300.jpg 451w, https:\/\/www.bergrettung-knittelfeld.at\/wp-content\/uploads\/2020\/02\/2020-02-BRD-Winter\u00fcbung30\u00a9Martin-Edlinger-751x500.jpg 751w\" sizes=\"auto, (max-width: 1024px) 100vw, 1024px\" \/><\/a><\/figure><\/li><li class=\"blocks-gallery-item\"><figure><a href=\"https:\/\/www.bergrettung-knittelfeld.at\/?attachment_id=704\"><img loading=\"lazy\" decoding=\"async\" width=\"1024\" height=\"681\" src=\"https:\/\/www.bergrettung-knittelfeld.at\/wp-content\/uploads\/2020\/02\/2020-02-BRD-Winter\u00fcbung32\u00a9Martin-Edlinger-1024x681.jpg\" alt=\"\" data-id=\"704\" data-full-url=\"https:\/\/www.bergrettung-knittelfeld.at\/wp-content\/uploads\/2020\/02\/2020-02-BRD-Winter\u00fcbung32\u00a9Martin-Edlinger-scaled.jpg\" data-link=\"https:\/\/www.bergrettung-knittelfeld.at\/?attachment_id=704\" class=\"wp-image-704\" srcset=\"https:\/\/www.bergrettung-knittelfeld.at\/wp-content\/uploads\/2020\/02\/2020-02-BRD-Winter\u00fcbung32\u00a9Martin-Edlinger-1024x681.jpg 1024w, https:\/\/www.bergrettung-knittelfeld.at\/wp-content\/uploads\/2020\/02\/2020-02-BRD-Winter\u00fcbung32\u00a9Martin-Edlinger-300x200.jpg 300w, https:\/\/www.bergrettung-knittelfeld.at\/wp-content\/uploads\/2020\/02\/2020-02-BRD-Winter\u00fcbung32\u00a9Martin-Edlinger-768x511.jpg 768w, https:\/\/www.bergrettung-knittelfeld.at\/wp-content\/uploads\/2020\/02\/2020-02-BRD-Winter\u00fcbung32\u00a9Martin-Edlinger-1536x1022.jpg 1536w, https:\/\/www.bergrettung-knittelfeld.at\/wp-content\/uploads\/2020\/02\/2020-02-BRD-Winter\u00fcbung32\u00a9Martin-Edlinger-2048x1363.jpg 2048w, https:\/\/www.bergrettung-knittelfeld.at\/wp-content\/uploads\/2020\/02\/2020-02-BRD-Winter\u00fcbung32\u00a9Martin-Edlinger-676x450.jpg 676w, https:\/\/www.bergrettung-knittelfeld.at\/wp-content\/uploads\/2020\/02\/2020-02-BRD-Winter\u00fcbung32\u00a9Martin-Edlinger-250x166.jpg 250w, https:\/\/www.bergrettung-knittelfeld.at\/wp-content\/uploads\/2020\/02\/2020-02-BRD-Winter\u00fcbung32\u00a9Martin-Edlinger-550x366.jpg 550w, https:\/\/www.bergrettung-knittelfeld.at\/wp-content\/uploads\/2020\/02\/2020-02-BRD-Winter\u00fcbung32\u00a9Martin-Edlinger-800x532.jpg 800w, https:\/\/www.bergrettung-knittelfeld.at\/wp-content\/uploads\/2020\/02\/2020-02-BRD-Winter\u00fcbung32\u00a9Martin-Edlinger-271x180.jpg 271w, https:\/\/www.bergrettung-knittelfeld.at\/wp-content\/uploads\/2020\/02\/2020-02-BRD-Winter\u00fcbung32\u00a9Martin-Edlinger-451x300.jpg 451w, https:\/\/www.bergrettung-knittelfeld.at\/wp-content\/uploads\/2020\/02\/2020-02-BRD-Winter\u00fcbung32\u00a9Martin-Edlinger-751x500.jpg 751w\" sizes=\"auto, (max-width: 1024px) 100vw, 1024px\" \/><\/a><\/figure><\/li><li class=\"blocks-gallery-item\"><figure><a href=\"https:\/\/www.bergrettung-knittelfeld.at\/?attachment_id=705\"><img loading=\"lazy\" decoding=\"async\" width=\"1024\" height=\"640\" src=\"https:\/\/www.bergrettung-knittelfeld.at\/wp-content\/uploads\/2020\/02\/2020-02-BRD-Winter\u00fcbung34\u00a9Martin-Edlinger-1024x640.jpg\" alt=\"\" data-id=\"705\" data-full-url=\"https:\/\/www.bergrettung-knittelfeld.at\/wp-content\/uploads\/2020\/02\/2020-02-BRD-Winter\u00fcbung34\u00a9Martin-Edlinger-scaled.jpg\" data-link=\"https:\/\/www.bergrettung-knittelfeld.at\/?attachment_id=705\" class=\"wp-image-705\" srcset=\"https:\/\/www.bergrettung-knittelfeld.at\/wp-content\/uploads\/2020\/02\/2020-02-BRD-Winter\u00fcbung34\u00a9Martin-Edlinger-1024x640.jpg 1024w, https:\/\/www.bergrettung-knittelfeld.at\/wp-content\/uploads\/2020\/02\/2020-02-BRD-Winter\u00fcbung34\u00a9Martin-Edlinger-300x188.jpg 300w, https:\/\/www.bergrettung-knittelfeld.at\/wp-content\/uploads\/2020\/02\/2020-02-BRD-Winter\u00fcbung34\u00a9Martin-Edlinger-768x480.jpg 768w, https:\/\/www.bergrettung-knittelfeld.at\/wp-content\/uploads\/2020\/02\/2020-02-BRD-Winter\u00fcbung34\u00a9Martin-Edlinger-1536x960.jpg 1536w, https:\/\/www.bergrettung-knittelfeld.at\/wp-content\/uploads\/2020\/02\/2020-02-BRD-Winter\u00fcbung34\u00a9Martin-Edlinger-2048x1280.jpg 2048w, https:\/\/www.bergrettung-knittelfeld.at\/wp-content\/uploads\/2020\/02\/2020-02-BRD-Winter\u00fcbung34\u00a9Martin-Edlinger-676x423.jpg 676w, https:\/\/www.bergrettung-knittelfeld.at\/wp-content\/uploads\/2020\/02\/2020-02-BRD-Winter\u00fcbung34\u00a9Martin-Edlinger-250x156.jpg 250w, https:\/\/www.bergrettung-knittelfeld.at\/wp-content\/uploads\/2020\/02\/2020-02-BRD-Winter\u00fcbung34\u00a9Martin-Edlinger-550x344.jpg 550w, https:\/\/www.bergrettung-knittelfeld.at\/wp-content\/uploads\/2020\/02\/2020-02-BRD-Winter\u00fcbung34\u00a9Martin-Edlinger-800x500.jpg 800w, https:\/\/www.bergrettung-knittelfeld.at\/wp-content\/uploads\/2020\/02\/2020-02-BRD-Winter\u00fcbung34\u00a9Martin-Edlinger-288x180.jpg 288w, https:\/\/www.bergrettung-knittelfeld.at\/wp-content\/uploads\/2020\/02\/2020-02-BRD-Winter\u00fcbung34\u00a9Martin-Edlinger-480x300.jpg 480w\" sizes=\"auto, (max-width: 1024px) 100vw, 1024px\" \/><\/a><\/figure><\/li><li class=\"blocks-gallery-item\"><figure><a href=\"https:\/\/www.bergrettung-knittelfeld.at\/?attachment_id=706\"><img loading=\"lazy\" decoding=\"async\" width=\"1024\" height=\"640\" src=\"https:\/\/www.bergrettung-knittelfeld.at\/wp-content\/uploads\/2020\/02\/2020-02-BRD-Winter\u00fcbung35\u00a9Martin-Edlinger-1024x640.jpg\" alt=\"\" data-id=\"706\" data-full-url=\"https:\/\/www.bergrettung-knittelfeld.at\/wp-content\/uploads\/2020\/02\/2020-02-BRD-Winter\u00fcbung35\u00a9Martin-Edlinger-scaled.jpg\" data-link=\"https:\/\/www.bergrettung-knittelfeld.at\/?attachment_id=706\" class=\"wp-image-706\" srcset=\"https:\/\/www.bergrettung-knittelfeld.at\/wp-content\/uploads\/2020\/02\/2020-02-BRD-Winter\u00fcbung35\u00a9Martin-Edlinger-1024x640.jpg 1024w, https:\/\/www.bergrettung-knittelfeld.at\/wp-content\/uploads\/2020\/02\/2020-02-BRD-Winter\u00fcbung35\u00a9Martin-Edlinger-300x188.jpg 300w, https:\/\/www.bergrettung-knittelfeld.at\/wp-content\/uploads\/2020\/02\/2020-02-BRD-Winter\u00fcbung35\u00a9Martin-Edlinger-768x480.jpg 768w, https:\/\/www.bergrettung-knittelfeld.at\/wp-content\/uploads\/2020\/02\/2020-02-BRD-Winter\u00fcbung35\u00a9Martin-Edlinger-1536x960.jpg 1536w, https:\/\/www.bergrettung-knittelfeld.at\/wp-content\/uploads\/2020\/02\/2020-02-BRD-Winter\u00fcbung35\u00a9Martin-Edlinger-2048x1280.jpg 2048w, https:\/\/www.bergrettung-knittelfeld.at\/wp-content\/uploads\/2020\/02\/2020-02-BRD-Winter\u00fcbung35\u00a9Martin-Edlinger-676x423.jpg 676w, https:\/\/www.bergrettung-knittelfeld.at\/wp-content\/uploads\/2020\/02\/2020-02-BRD-Winter\u00fcbung35\u00a9Martin-Edlinger-250x156.jpg 250w, https:\/\/www.bergrettung-knittelfeld.at\/wp-content\/uploads\/2020\/02\/2020-02-BRD-Winter\u00fcbung35\u00a9Martin-Edlinger-550x344.jpg 550w, https:\/\/www.bergrettung-knittelfeld.at\/wp-content\/uploads\/2020\/02\/2020-02-BRD-Winter\u00fcbung35\u00a9Martin-Edlinger-800x500.jpg 800w, https:\/\/www.bergrettung-knittelfeld.at\/wp-content\/uploads\/2020\/02\/2020-02-BRD-Winter\u00fcbung35\u00a9Martin-Edlinger-288x180.jpg 288w, https:\/\/www.bergrettung-knittelfeld.at\/wp-content\/uploads\/2020\/02\/2020-02-BRD-Winter\u00fcbung35\u00a9Martin-Edlinger-480x300.jpg 480w\" sizes=\"auto, (max-width: 1024px) 100vw, 1024px\" \/><\/a><\/figure><\/li><li class=\"blocks-gallery-item\"><figure><a href=\"https:\/\/www.bergrettung-knittelfeld.at\/?attachment_id=707\"><img loading=\"lazy\" decoding=\"async\" width=\"1024\" height=\"681\" src=\"https:\/\/www.bergrettung-knittelfeld.at\/wp-content\/uploads\/2020\/02\/2020-02-BRD-Winter\u00fcbung42\u00a9Martin-Edlinger-1024x681.jpg\" alt=\"\" data-id=\"707\" data-full-url=\"https:\/\/www.bergrettung-knittelfeld.at\/wp-content\/uploads\/2020\/02\/2020-02-BRD-Winter\u00fcbung42\u00a9Martin-Edlinger-scaled.jpg\" data-link=\"https:\/\/www.bergrettung-knittelfeld.at\/?attachment_id=707\" class=\"wp-image-707\" srcset=\"https:\/\/www.bergrettung-knittelfeld.at\/wp-content\/uploads\/2020\/02\/2020-02-BRD-Winter\u00fcbung42\u00a9Martin-Edlinger-1024x681.jpg 1024w, https:\/\/www.bergrettung-knittelfeld.at\/wp-content\/uploads\/2020\/02\/2020-02-BRD-Winter\u00fcbung42\u00a9Martin-Edlinger-300x200.jpg 300w, https:\/\/www.bergrettung-knittelfeld.at\/wp-content\/uploads\/2020\/02\/2020-02-BRD-Winter\u00fcbung42\u00a9Martin-Edlinger-768x511.jpg 768w, https:\/\/www.bergrettung-knittelfeld.at\/wp-content\/uploads\/2020\/02\/2020-02-BRD-Winter\u00fcbung42\u00a9Martin-Edlinger-1536x1022.jpg 1536w, https:\/\/www.bergrettung-knittelfeld.at\/wp-content\/uploads\/2020\/02\/2020-02-BRD-Winter\u00fcbung42\u00a9Martin-Edlinger-2048x1363.jpg 2048w, https:\/\/www.bergrettung-knittelfeld.at\/wp-content\/uploads\/2020\/02\/2020-02-BRD-Winter\u00fcbung42\u00a9Martin-Edlinger-676x450.jpg 676w, https:\/\/www.bergrettung-knittelfeld.at\/wp-content\/uploads\/2020\/02\/2020-02-BRD-Winter\u00fcbung42\u00a9Martin-Edlinger-250x166.jpg 250w, https:\/\/www.bergrettung-knittelfeld.at\/wp-content\/uploads\/2020\/02\/2020-02-BRD-Winter\u00fcbung42\u00a9Martin-Edlinger-550x366.jpg 550w, https:\/\/www.bergrettung-knittelfeld.at\/wp-content\/uploads\/2020\/02\/2020-02-BRD-Winter\u00fcbung42\u00a9Martin-Edlinger-800x532.jpg 800w, https:\/\/www.bergrettung-knittelfeld.at\/wp-content\/uploads\/2020\/02\/2020-02-BRD-Winter\u00fcbung42\u00a9Martin-Edlinger-271x180.jpg 271w, https:\/\/www.bergrettung-knittelfeld.at\/wp-content\/uploads\/2020\/02\/2020-02-BRD-Winter\u00fcbung42\u00a9Martin-Edlinger-451x300.jpg 451w, https:\/\/www.bergrettung-knittelfeld.at\/wp-content\/uploads\/2020\/02\/2020-02-BRD-Winter\u00fcbung42\u00a9Martin-Edlinger-752x500.jpg 752w\" sizes=\"auto, (max-width: 1024px) 100vw, 1024px\" \/><\/a><\/figure><\/li><li class=\"blocks-gallery-item\"><figure><a href=\"https:\/\/www.bergrettung-knittelfeld.at\/?attachment_id=708\"><img loading=\"lazy\" decoding=\"async\" width=\"1024\" height=\"640\" src=\"https:\/\/www.bergrettung-knittelfeld.at\/wp-content\/uploads\/2020\/02\/2020-02-BRD-Winter\u00fcbung44\u00a9Martin-Edlinger-1024x640.jpg\" alt=\"\" data-id=\"708\" data-full-url=\"https:\/\/www.bergrettung-knittelfeld.at\/wp-content\/uploads\/2020\/02\/2020-02-BRD-Winter\u00fcbung44\u00a9Martin-Edlinger-scaled.jpg\" data-link=\"https:\/\/www.bergrettung-knittelfeld.at\/?attachment_id=708\" class=\"wp-image-708\" srcset=\"https:\/\/www.bergrettung-knittelfeld.at\/wp-content\/uploads\/2020\/02\/2020-02-BRD-Winter\u00fcbung44\u00a9Martin-Edlinger-1024x640.jpg 1024w, https:\/\/www.bergrettung-knittelfeld.at\/wp-content\/uploads\/2020\/02\/2020-02-BRD-Winter\u00fcbung44\u00a9Martin-Edlinger-300x187.jpg 300w, https:\/\/www.bergrettung-knittelfeld.at\/wp-content\/uploads\/2020\/02\/2020-02-BRD-Winter\u00fcbung44\u00a9Martin-Edlinger-768x480.jpg 768w, https:\/\/www.bergrettung-knittelfeld.at\/wp-content\/uploads\/2020\/02\/2020-02-BRD-Winter\u00fcbung44\u00a9Martin-Edlinger-1536x960.jpg 1536w, https:\/\/www.bergrettung-knittelfeld.at\/wp-content\/uploads\/2020\/02\/2020-02-BRD-Winter\u00fcbung44\u00a9Martin-Edlinger-2048x1280.jpg 2048w, https:\/\/www.bergrettung-knittelfeld.at\/wp-content\/uploads\/2020\/02\/2020-02-BRD-Winter\u00fcbung44\u00a9Martin-Edlinger-676x422.jpg 676w, https:\/\/www.bergrettung-knittelfeld.at\/wp-content\/uploads\/2020\/02\/2020-02-BRD-Winter\u00fcbung44\u00a9Martin-Edlinger-250x156.jpg 250w, https:\/\/www.bergrettung-knittelfeld.at\/wp-content\/uploads\/2020\/02\/2020-02-BRD-Winter\u00fcbung44\u00a9Martin-Edlinger-550x344.jpg 550w, https:\/\/www.bergrettung-knittelfeld.at\/wp-content\/uploads\/2020\/02\/2020-02-BRD-Winter\u00fcbung44\u00a9Martin-Edlinger-800x500.jpg 800w, https:\/\/www.bergrettung-knittelfeld.at\/wp-content\/uploads\/2020\/02\/2020-02-BRD-Winter\u00fcbung44\u00a9Martin-Edlinger-288x180.jpg 288w, https:\/\/www.bergrettung-knittelfeld.at\/wp-content\/uploads\/2020\/02\/2020-02-BRD-Winter\u00fcbung44\u00a9Martin-Edlinger-480x300.jpg 480w\" sizes=\"auto, (max-width: 1024px) 100vw, 1024px\" \/><\/a><\/figure><\/li><li class=\"blocks-gallery-item\"><figure><a href=\"https:\/\/www.bergrettung-knittelfeld.at\/?attachment_id=709\"><img loading=\"lazy\" decoding=\"async\" width=\"1024\" height=\"640\" src=\"https:\/\/www.bergrettung-knittelfeld.at\/wp-content\/uploads\/2020\/02\/2020-02-BRD-Winter\u00fcbung47\u00a9Martin-Edlinger-1024x640.jpg\" alt=\"\" data-id=\"709\" data-full-url=\"https:\/\/www.bergrettung-knittelfeld.at\/wp-content\/uploads\/2020\/02\/2020-02-BRD-Winter\u00fcbung47\u00a9Martin-Edlinger-scaled.jpg\" data-link=\"https:\/\/www.bergrettung-knittelfeld.at\/?attachment_id=709\" class=\"wp-image-709\" srcset=\"https:\/\/www.bergrettung-knittelfeld.at\/wp-content\/uploads\/2020\/02\/2020-02-BRD-Winter\u00fcbung47\u00a9Martin-Edlinger-1024x640.jpg 1024w, https:\/\/www.bergrettung-knittelfeld.at\/wp-content\/uploads\/2020\/02\/2020-02-BRD-Winter\u00fcbung47\u00a9Martin-Edlinger-300x188.jpg 300w, https:\/\/www.bergrettung-knittelfeld.at\/wp-content\/uploads\/2020\/02\/2020-02-BRD-Winter\u00fcbung47\u00a9Martin-Edlinger-768x480.jpg 768w, https:\/\/www.bergrettung-knittelfeld.at\/wp-content\/uploads\/2020\/02\/2020-02-BRD-Winter\u00fcbung47\u00a9Martin-Edlinger-1536x960.jpg 1536w, https:\/\/www.bergrettung-knittelfeld.at\/wp-content\/uploads\/2020\/02\/2020-02-BRD-Winter\u00fcbung47\u00a9Martin-Edlinger-2048x1280.jpg 2048w, https:\/\/www.bergrettung-knittelfeld.at\/wp-content\/uploads\/2020\/02\/2020-02-BRD-Winter\u00fcbung47\u00a9Martin-Edlinger-676x423.jpg 676w, https:\/\/www.bergrettung-knittelfeld.at\/wp-content\/uploads\/2020\/02\/2020-02-BRD-Winter\u00fcbung47\u00a9Martin-Edlinger-250x156.jpg 250w, https:\/\/www.bergrettung-knittelfeld.at\/wp-content\/uploads\/2020\/02\/2020-02-BRD-Winter\u00fcbung47\u00a9Martin-Edlinger-550x344.jpg 550w, https:\/\/www.bergrettung-knittelfeld.at\/wp-content\/uploads\/2020\/02\/2020-02-BRD-Winter\u00fcbung47\u00a9Martin-Edlinger-800x500.jpg 800w, https:\/\/www.bergrettung-knittelfeld.at\/wp-content\/uploads\/2020\/02\/2020-02-BRD-Winter\u00fcbung47\u00a9Martin-Edlinger-288x180.jpg 288w, https:\/\/www.bergrettung-knittelfeld.at\/wp-content\/uploads\/2020\/02\/2020-02-BRD-Winter\u00fcbung47\u00a9Martin-Edlinger-480x300.jpg 480w\" sizes=\"auto, (max-width: 1024px) 100vw, 1024px\" \/><\/a><\/figure><\/li><li class=\"blocks-gallery-item\"><figure><a href=\"https:\/\/www.bergrettung-knittelfeld.at\/?attachment_id=710\"><img loading=\"lazy\" decoding=\"async\" width=\"1024\" height=\"640\" src=\"https:\/\/www.bergrettung-knittelfeld.at\/wp-content\/uploads\/2020\/02\/2020-02-BRD-Winter\u00fcbung51\u00a9Martin-Edlinger-1024x640.jpg\" alt=\"\" data-id=\"710\" data-full-url=\"https:\/\/www.bergrettung-knittelfeld.at\/wp-content\/uploads\/2020\/02\/2020-02-BRD-Winter\u00fcbung51\u00a9Martin-Edlinger-scaled.jpg\" data-link=\"https:\/\/www.bergrettung-knittelfeld.at\/?attachment_id=710\" class=\"wp-image-710\" srcset=\"https:\/\/www.bergrettung-knittelfeld.at\/wp-content\/uploads\/2020\/02\/2020-02-BRD-Winter\u00fcbung51\u00a9Martin-Edlinger-1024x640.jpg 1024w, https:\/\/www.bergrettung-knittelfeld.at\/wp-content\/uploads\/2020\/02\/2020-02-BRD-Winter\u00fcbung51\u00a9Martin-Edlinger-300x188.jpg 300w, https:\/\/www.bergrettung-knittelfeld.at\/wp-content\/uploads\/2020\/02\/2020-02-BRD-Winter\u00fcbung51\u00a9Martin-Edlinger-768x480.jpg 768w, https:\/\/www.bergrettung-knittelfeld.at\/wp-content\/uploads\/2020\/02\/2020-02-BRD-Winter\u00fcbung51\u00a9Martin-Edlinger-1536x960.jpg 1536w, https:\/\/www.bergrettung-knittelfeld.at\/wp-content\/uploads\/2020\/02\/2020-02-BRD-Winter\u00fcbung51\u00a9Martin-Edlinger-2048x1280.jpg 2048w, https:\/\/www.bergrettung-knittelfeld.at\/wp-content\/uploads\/2020\/02\/2020-02-BRD-Winter\u00fcbung51\u00a9Martin-Edlinger-676x423.jpg 676w, https:\/\/www.bergrettung-knittelfeld.at\/wp-content\/uploads\/2020\/02\/2020-02-BRD-Winter\u00fcbung51\u00a9Martin-Edlinger-250x156.jpg 250w, https:\/\/www.bergrettung-knittelfeld.at\/wp-content\/uploads\/2020\/02\/2020-02-BRD-Winter\u00fcbung51\u00a9Martin-Edlinger-550x344.jpg 550w, https:\/\/www.bergrettung-knittelfeld.at\/wp-content\/uploads\/2020\/02\/2020-02-BRD-Winter\u00fcbung51\u00a9Martin-Edlinger-800x500.jpg 800w, https:\/\/www.bergrettung-knittelfeld.at\/wp-content\/uploads\/2020\/02\/2020-02-BRD-Winter\u00fcbung51\u00a9Martin-Edlinger-288x180.jpg 288w, https:\/\/www.bergrettung-knittelfeld.at\/wp-content\/uploads\/2020\/02\/2020-02-BRD-Winter\u00fcbung51\u00a9Martin-Edlinger-480x300.jpg 480w\" sizes=\"auto, (max-width: 1024px) 100vw, 1024px\" \/><\/a><\/figure><\/li><li class=\"blocks-gallery-item\"><figure><a href=\"https:\/\/www.bergrettung-knittelfeld.at\/?attachment_id=711\"><img loading=\"lazy\" decoding=\"async\" width=\"1024\" height=\"576\" src=\"https:\/\/www.bergrettung-knittelfeld.at\/wp-content\/uploads\/2020\/02\/2020-02-BRD-Winter\u00fcbung54\u00a9Martin-Edlinger-1024x576.jpg\" alt=\"\" data-id=\"711\" data-full-url=\"https:\/\/www.bergrettung-knittelfeld.at\/wp-content\/uploads\/2020\/02\/2020-02-BRD-Winter\u00fcbung54\u00a9Martin-Edlinger-scaled.jpg\" data-link=\"https:\/\/www.bergrettung-knittelfeld.at\/?attachment_id=711\" class=\"wp-image-711\" srcset=\"https:\/\/www.bergrettung-knittelfeld.at\/wp-content\/uploads\/2020\/02\/2020-02-BRD-Winter\u00fcbung54\u00a9Martin-Edlinger-1024x576.jpg 1024w, https:\/\/www.bergrettung-knittelfeld.at\/wp-content\/uploads\/2020\/02\/2020-02-BRD-Winter\u00fcbung54\u00a9Martin-Edlinger-300x169.jpg 300w, https:\/\/www.bergrettung-knittelfeld.at\/wp-content\/uploads\/2020\/02\/2020-02-BRD-Winter\u00fcbung54\u00a9Martin-Edlinger-768x432.jpg 768w, https:\/\/www.bergrettung-knittelfeld.at\/wp-content\/uploads\/2020\/02\/2020-02-BRD-Winter\u00fcbung54\u00a9Martin-Edlinger-1536x864.jpg 1536w, https:\/\/www.bergrettung-knittelfeld.at\/wp-content\/uploads\/2020\/02\/2020-02-BRD-Winter\u00fcbung54\u00a9Martin-Edlinger-2048x1152.jpg 2048w, https:\/\/www.bergrettung-knittelfeld.at\/wp-content\/uploads\/2020\/02\/2020-02-BRD-Winter\u00fcbung54\u00a9Martin-Edlinger-676x380.jpg 676w, https:\/\/www.bergrettung-knittelfeld.at\/wp-content\/uploads\/2020\/02\/2020-02-BRD-Winter\u00fcbung54\u00a9Martin-Edlinger-250x141.jpg 250w, https:\/\/www.bergrettung-knittelfeld.at\/wp-content\/uploads\/2020\/02\/2020-02-BRD-Winter\u00fcbung54\u00a9Martin-Edlinger-550x309.jpg 550w, https:\/\/www.bergrettung-knittelfeld.at\/wp-content\/uploads\/2020\/02\/2020-02-BRD-Winter\u00fcbung54\u00a9Martin-Edlinger-800x450.jpg 800w, https:\/\/www.bergrettung-knittelfeld.at\/wp-content\/uploads\/2020\/02\/2020-02-BRD-Winter\u00fcbung54\u00a9Martin-Edlinger-320x180.jpg 320w, https:\/\/www.bergrettung-knittelfeld.at\/wp-content\/uploads\/2020\/02\/2020-02-BRD-Winter\u00fcbung54\u00a9Martin-Edlinger-533x300.jpg 533w, https:\/\/www.bergrettung-knittelfeld.at\/wp-content\/uploads\/2020\/02\/2020-02-BRD-Winter\u00fcbung54\u00a9Martin-Edlinger-889x500.jpg 889w\" sizes=\"auto, (max-width: 1024px) 100vw, 1024px\" \/><\/a><\/figure><\/li><li class=\"blocks-gallery-item\"><figure><a href=\"https:\/\/www.bergrettung-knittelfeld.at\/?attachment_id=712\"><img loading=\"lazy\" decoding=\"async\" width=\"1024\" height=\"681\" src=\"https:\/\/www.bergrettung-knittelfeld.at\/wp-content\/uploads\/2020\/02\/2020-02-BRD-Winter\u00fcbung57\u00a9Martin-Edlinger-1024x681.jpg\" alt=\"\" data-id=\"712\" data-full-url=\"https:\/\/www.bergrettung-knittelfeld.at\/wp-content\/uploads\/2020\/02\/2020-02-BRD-Winter\u00fcbung57\u00a9Martin-Edlinger-scaled.jpg\" data-link=\"https:\/\/www.bergrettung-knittelfeld.at\/?attachment_id=712\" class=\"wp-image-712\" srcset=\"https:\/\/www.bergrettung-knittelfeld.at\/wp-content\/uploads\/2020\/02\/2020-02-BRD-Winter\u00fcbung57\u00a9Martin-Edlinger-1024x681.jpg 1024w, https:\/\/www.bergrettung-knittelfeld.at\/wp-content\/uploads\/2020\/02\/2020-02-BRD-Winter\u00fcbung57\u00a9Martin-Edlinger-300x200.jpg 300w, https:\/\/www.bergrettung-knittelfeld.at\/wp-content\/uploads\/2020\/02\/2020-02-BRD-Winter\u00fcbung57\u00a9Martin-Edlinger-768x511.jpg 768w, https:\/\/www.bergrettung-knittelfeld.at\/wp-content\/uploads\/2020\/02\/2020-02-BRD-Winter\u00fcbung57\u00a9Martin-Edlinger-1536x1022.jpg 1536w, https:\/\/www.bergrettung-knittelfeld.at\/wp-content\/uploads\/2020\/02\/2020-02-BRD-Winter\u00fcbung57\u00a9Martin-Edlinger-2048x1363.jpg 2048w, https:\/\/www.bergrettung-knittelfeld.at\/wp-content\/uploads\/2020\/02\/2020-02-BRD-Winter\u00fcbung57\u00a9Martin-Edlinger-676x450.jpg 676w, https:\/\/www.bergrettung-knittelfeld.at\/wp-content\/uploads\/2020\/02\/2020-02-BRD-Winter\u00fcbung57\u00a9Martin-Edlinger-250x166.jpg 250w, https:\/\/www.bergrettung-knittelfeld.at\/wp-content\/uploads\/2020\/02\/2020-02-BRD-Winter\u00fcbung57\u00a9Martin-Edlinger-550x366.jpg 550w, https:\/\/www.bergrettung-knittelfeld.at\/wp-content\/uploads\/2020\/02\/2020-02-BRD-Winter\u00fcbung57\u00a9Martin-Edlinger-800x532.jpg 800w, https:\/\/www.bergrettung-knittelfeld.at\/wp-content\/uploads\/2020\/02\/2020-02-BRD-Winter\u00fcbung57\u00a9Martin-Edlinger-271x180.jpg 271w, https:\/\/www.bergrettung-knittelfeld.at\/wp-content\/uploads\/2020\/02\/2020-02-BRD-Winter\u00fcbung57\u00a9Martin-Edlinger-451x300.jpg 451w, https:\/\/www.bergrettung-knittelfeld.at\/wp-content\/uploads\/2020\/02\/2020-02-BRD-Winter\u00fcbung57\u00a9Martin-Edlinger-751x500.jpg 751w\" sizes=\"auto, (max-width: 1024px) 100vw, 1024px\" \/><\/a><\/figure><\/li><\/ul><\/figure>\n","protected":false},"excerpt":{"rendered":"<p>Die heurige Winter\u00fcbung zum Thema Lawinenunfall fand bei besten \u00e4u\u00dferen Bedingungen am 22.Februar im Bereich Herrschaftskranz\/Steinmandl in der Ingering statt. Nachdem wir durch jahrelange leidvolle Erfahrung schon auf das schlimmste (Wetter) vorbereitet waren, kam die Erfahrung, ausnahmsweise im T-Shirt auf der Lawine herumspazieren zu k\u00f6nnen, umso \u00fcberraschender. \u00dcbungsannahme war eine Gruppe von 4 Personen, die [&hellip;]<\/p>\n","protected":false},"author":2,"featured_media":0,"comment_status":"closed","ping_status":"closed","sticky":false,"template":"","format":"standard","meta":{"footnotes":""},"categories":[1],"tags":[],"class_list":["post-695","post","type-post","status-publish","format-standard","hentry","category-allgemein","post-preview"],"_links":{"self":[{"href":"https:\/\/www.bergrettung-knittelfeld.at\/index.php?rest_route=\/wp\/v2\/posts\/695","targetHints":{"allow":["GET"]}}],"collection":[{"href":"https:\/\/www.bergrettung-knittelfeld.at\/index.php?rest_route=\/wp\/v2\/posts"}],"about":[{"href":"https:\/\/www.bergrettung-knittelfeld.at\/index.php?rest_route=\/wp\/v2\/types\/post"}],"author":[{"embeddable":true,"href":"https:\/\/www.bergrettung-knittelfeld.at\/index.php?rest_route=\/wp\/v2\/users\/2"}],"replies":[{"embeddable":true,"href":"https:\/\/www.bergrettung-knittelfeld.at\/index.php?rest_route=%2Fwp%2Fv2%2Fcomments&post=695"}],"version-history":[{"count":2,"href":"https:\/\/www.bergrettung-knittelfeld.at\/index.php?rest_route=\/wp\/v2\/posts\/695\/revisions"}],"predecessor-version":[{"id":715,"href":"https:\/\/www.bergrettung-knittelfeld.at\/index.php?rest_route=\/wp\/v2\/posts\/695\/revisions\/715"}],"wp:attachment":[{"href":"https:\/\/www.bergrettung-knittelfeld.at\/index.php?rest_route=%2Fwp%2Fv2%2Fmedia&parent=695"}],"wp:term":[{"taxonomy":"category","embeddable":true,"href":"https:\/\/www.bergrettung-knittelfeld.at\/index.php?rest_route=%2Fwp%2Fv2%2Fcategories&post=695"},{"taxonomy":"post_tag","embeddable":true,"href":"https:\/\/www.bergrettung-knittelfeld.at\/index.php?rest_route=%2Fwp%2Fv2%2Ftags&post=695"}],"curies":[{"name":"wp","href":"https:\/\/api.w.org\/{rel}","templated":true}]}}